{"id":6553,"date":"2021-04-28T10:01:34","date_gmt":"2021-04-28T08:01:34","guid":{"rendered":"https:\/\/digitalyacht.de\/blog\/?p=6553"},"modified":"2023-03-24T14:49:06","modified_gmt":"2023-03-24T13:49:06","slug":"fonce-alphonse-mini-transat","status":"publish","type":"post","link":"https:\/\/digitalyacht.de\/blog\/fonce-alphonse-mini-transat\/","title":{"rendered":"Fonce Alphonse &#038; unsere GPS160-Antenne f\u00fcr den Mini-Transat"},"content":{"rendered":"<p><img  loading=\"lazy\"  decoding=\"async\"  class=\"aligncenter wp-image-6555 pk-lazyload\"  src=\"data:image\/png;base64,iVBORw0KGgoAAAANSUhEUgAAAAEAAAABAQMAAAAl21bKAAAAA1BMVEUAAP+KeNJXAAAAAXRSTlMAQObYZgAAAAlwSFlzAAAOxAAADsQBlSsOGwAAAApJREFUCNdjYAAAAAIAAeIhvDMAAAAASUVORK5CYII=\"  alt=\"Fonce Alphonse Digital Yacht \"  width=\"550\"  height=\"734\"  data-pk-sizes=\"auto\"  data-ls-sizes=\"auto, (max-width: 550px) 100vw, 550px\"  data-pk-src=\"https:\/\/digitalyacht.de\/blog\/wp-content\/uploads\/2021\/04\/Fonce-Alphonse-Mini.jpg\"  data-pk-srcset=\"https:\/\/digitalyacht.de\/blog\/wp-content\/uploads\/2021\/04\/Fonce-Alphonse-Mini.jpg 720w, https:\/\/digitalyacht.de\/blog\/wp-content\/uploads\/2021\/04\/Fonce-Alphonse-Mini-225x300.jpg 225w, https:\/\/digitalyacht.de\/blog\/wp-content\/uploads\/2021\/04\/Fonce-Alphonse-Mini-110x146.jpg 110w, https:\/\/digitalyacht.de\/blog\/wp-content\/uploads\/2021\/04\/Fonce-Alphonse-Mini-38x50.jpg 38w, https:\/\/digitalyacht.de\/blog\/wp-content\/uploads\/2021\/04\/Fonce-Alphonse-Mini-56x75.jpg 56w\" ><\/p>\n<p>Seit seinem 6. Lebensjahr ist <a href=\"https:\/\/www.facebook.com\/victor.eonnet\" target=\"_blank\" rel=\"noopener\">Victor Eonnet<\/a> leidenschaftlicher Segler. Er verliebte sich beim Segeln auf der Arpeggio seiner Eltern in diese Sportart. Seit seinem 10. Lebensjahr war es sein Traum, am Mini-Transat-Rennen teilzunehmen und heute bereitet sich Victor darauf vor, ihn endlich wahr werden zu lassen. Er startet in diesem Rennen mit seinem Boot Fonce Alphonse. Wir geben zu, ein untypischer Name. Aber der Name Alphonse gefiel im sehr und nachdem er sich mit der <a href=\"https:\/\/fondation-arthritis.org\/\" target=\"_blank\" rel=\"noopener\">Arthritis Foundation<\/a> (finanziert die Forschung f\u00fcr Gelenkerkrankungen) besch\u00e4ftigt hatte fiel seine Wahl so auf den Namen Fonce Alphonse.<\/p>\n<p><img  loading=\"lazy\"  decoding=\"async\"  class=\"aligncenter wp-image-6554 pk-lazyload\"  src=\"data:image\/png;base64,iVBORw0KGgoAAAANSUhEUgAAAAEAAAABAQMAAAAl21bKAAAAA1BMVEUAAP+KeNJXAAAAAXRSTlMAQObYZgAAAAlwSFlzAAAOxAAADsQBlSsOGwAAAApJREFUCNdjYAAAAAIAAeIhvDMAAAAASUVORK5CYII=\"  alt=\"Fonce Alphonse Antenne Digital Yacht\"  width=\"650\"  height=\"430\"  data-pk-sizes=\"auto\"  data-ls-sizes=\"auto, (max-width: 650px) 100vw, 650px\"  data-pk-src=\"https:\/\/digitalyacht.de\/blog\/wp-content\/uploads\/2021\/04\/Fonce-Alphonse.jpg\"  data-pk-srcset=\"https:\/\/digitalyacht.de\/blog\/wp-content\/uploads\/2021\/04\/Fonce-Alphonse.jpg 750w, https:\/\/digitalyacht.de\/blog\/wp-content\/uploads\/2021\/04\/Fonce-Alphonse-300x198.jpg 300w, https:\/\/digitalyacht.de\/blog\/wp-content\/uploads\/2021\/04\/Fonce-Alphonse-221x146.jpg 221w, https:\/\/digitalyacht.de\/blog\/wp-content\/uploads\/2021\/04\/Fonce-Alphonse-50x33.jpg 50w, https:\/\/digitalyacht.de\/blog\/wp-content\/uploads\/2021\/04\/Fonce-Alphonse-113x75.jpg 113w\" ><\/p>\n<p>Am 26. September wird Victor ohne Kommunikationsmittel und ohne Hilfe zum Solorennen &#8220;La Mini-Transat&#8221; aufbrechen. Er wird von Les Sables d&#8217;Olonne aus starten, einen Zwischenstopp auf den Kanaren einlegen und in Guadeloupe ankommen.<\/p>\n<p><img  loading=\"lazy\"  decoding=\"async\"  class=\"aligncenter wp-image-6556 pk-lazyload\"  src=\"data:image\/png;base64,iVBORw0KGgoAAAANSUhEUgAAAAEAAAABAQMAAAAl21bKAAAAA1BMVEUAAP+KeNJXAAAAAXRSTlMAQObYZgAAAAlwSFlzAAAOxAAADsQBlSsOGwAAAApJREFUCNdjYAAAAAIAAeIhvDMAAAAASUVORK5CYII=\"  alt=\"Route Fonce Alphonse\"  width=\"652\"  height=\"260\"  data-pk-sizes=\"auto\"  data-ls-sizes=\"auto, (max-width: 652px) 100vw, 652px\"  data-pk-src=\"https:\/\/digitalyacht.de\/blog\/wp-content\/uploads\/2021\/04\/Screenshot-Alphonse.png\"  data-pk-srcset=\"https:\/\/digitalyacht.de\/blog\/wp-content\/uploads\/2021\/04\/Screenshot-Alphonse.png 1024w, https:\/\/digitalyacht.de\/blog\/wp-content\/uploads\/2021\/04\/Screenshot-Alphonse-300x120.png 300w, https:\/\/digitalyacht.de\/blog\/wp-content\/uploads\/2021\/04\/Screenshot-Alphonse-768x306.png 768w, https:\/\/digitalyacht.de\/blog\/wp-content\/uploads\/2021\/04\/Screenshot-Alphonse-260x104.png 260w, https:\/\/digitalyacht.de\/blog\/wp-content\/uploads\/2021\/04\/Screenshot-Alphonse-50x20.png 50w, https:\/\/digitalyacht.de\/blog\/wp-content\/uploads\/2021\/04\/Screenshot-Alphonse-150x60.png 150w\" ><\/p>\n<h4 style=\"text-align: center;\"><strong><br \/>\nVictors Neugewinn an Bord<\/strong><\/h4>\n<p>Victor entdeckte Digital Yacht \u00fcber unsere <a href=\"https:\/\/digitalyacht.de\/product\/gps160-nmea0183\/\" target=\"_blank\" rel=\"noopener\">GPS160-Antenne. <\/a>Sie entsprach all seinen Bed\u00fcrfnissen und er war sofort vom Geist der Marke angezogen. &#8220;<em>Digital Yacht scheint mir in die richtige Richtung zu gehen, indem sie Transparenz mit vern\u00fcnftigen Preisen schaffen<\/em>&#8221; sagt Victor.<\/p>\n<p>Dank der <a href=\"https:\/\/digitalyacht.de\/product\/gps160-nmea0183\/\" target=\"_blank\" rel=\"noopener\">GPS160-Antenne<\/a> konnte Victor eine Verbesserung seiner Leistung feststellen: &#8220;<em>Meine Antenne ist mit meinem NKE-Pilot verbunden (\u00fcber NMEA an der Multigraphic Box). Daher ist sie meine Hauptquelle f\u00fcr die Geschwindigkeit. Urspr\u00fcnglich hatte ich nur einen elektromagnetischen Tacho. Jedoch ist die Geschwindigkeit der Wasserschicht in Kontakt mit dem Tacho zu weit von der Realit\u00e4t entfernt. Mein Boot hatte die Tendenz, jenseits von 8 Knoten im Zickzack zu fahren. Der Unterschied ist unglaublich! Es ist ein wichtiger Zugewinn, das Ruder mit Vertrauen und ohne Geschwindigkeitsverlust loslassen zu k\u00f6nnen<\/em>&#8220;, so Victor Eonnet.<\/p>\n<p>Victor ist ein leidenschaftlicher und talentierter junger Segler. Deswegen wollten wir uns an seiner Seite engagieren, um ihm zu erm\u00f6glichen, neue H\u00f6hen zu erreichen! Beim Warten auf die Abfahrt w\u00fcnschen wir ihm eine gute Vorbereitung!<\/p>\n<p>Folgen Sie dem Team von Victor und Fonce Alphonse auf <a href=\"https:\/\/www.facebook.com\/victor.eonnet\" target=\"_blank\" rel=\"noopener\">Facebook<\/a> und <a href=\"https:\/\/www.instagram.com\/fonce_alphonse_mini_2021\/?hl=fr\" target=\"_blank\" rel=\"noopener\">Instagram<\/a>.<\/p>\n<p><img  loading=\"lazy\"  decoding=\"async\"  class=\"aligncenter wp-image-6557 pk-lazyload\"  src=\"data:image\/png;base64,iVBORw0KGgoAAAANSUhEUgAAAAEAAAABAQMAAAAl21bKAAAAA1BMVEUAAP+KeNJXAAAAAXRSTlMAQObYZgAAAAlwSFlzAAAOxAAADsQBlSsOGwAAAApJREFUCNdjYAAAAAIAAeIhvDMAAAAASUVORK5CYII=\"  alt=\"Fonce Alphonse und Victor\"  width=\"549\"  height=\"732\"  data-pk-sizes=\"auto\"  data-ls-sizes=\"auto, (max-width: 549px) 100vw, 549px\"  data-pk-src=\"https:\/\/digitalyacht.de\/blog\/wp-content\/uploads\/2021\/04\/Fonce-Alphonse-und-Victor.jpg\"  data-pk-srcset=\"https:\/\/digitalyacht.de\/blog\/wp-content\/uploads\/2021\/04\/Fonce-Alphonse-und-Victor.jpg 720w, https:\/\/digitalyacht.de\/blog\/wp-content\/uploads\/2021\/04\/Fonce-Alphonse-und-Victor-225x300.jpg 225w, https:\/\/digitalyacht.de\/blog\/wp-content\/uploads\/2021\/04\/Fonce-Alphonse-und-Victor-110x146.jpg 110w, https:\/\/digitalyacht.de\/blog\/wp-content\/uploads\/2021\/04\/Fonce-Alphonse-und-Victor-38x50.jpg 38w, https:\/\/digitalyacht.de\/blog\/wp-content\/uploads\/2021\/04\/Fonce-Alphonse-und-Victor-56x75.jpg 56w\" ><\/p>\n","protected":false},"excerpt":{"rendered":"Seit seinem 6. Lebensjahr ist Victor Eonnet leidenschaftlicher Segler. Er verliebte sich beim Segeln auf der Arpeggio seiner&hellip;\n","protected":false},"author":3,"featured_media":6555,"comment_status":"closed","ping_status":"closed","sticky":false,"template":"","format":"standard","meta":{"csco_singular_sidebar":"","csco_page_header_type":"","csco_appearance_masonry":"","csco_page_load_nextpost":"","csco_post_video_location":[],"csco_post_video_location_hash":"","csco_post_video_url":"","csco_post_video_bg_start_time":0,"csco_post_video_bg_end_time":0,"footnotes":""},"categories":[1,3,128,112,12],"tags":[34,36,168,100,169],"class_list":{"0":"post-6553","1":"post","2":"type-post","3":"status-publish","4":"format-standard","5":"has-post-thumbnail","7":"category-allgemein","8":"category-artikel","9":"category-einsatzbeispiel","10":"category-instrumente","11":"category-produktinformationen","12":"tag-gps-antenne","13":"tag-gps160","14":"tag-instrument","15":"tag-nke","16":"tag-transat","17":"cs-entry","18":"cs-video-wrap"},"yoast_head":"<!-- This site is optimized with the Yoast SEO plugin v22.4 - https:\/\/yoast.com\/wordpress\/plugins\/seo\/ -->\n<title>Fonce Alphonse &amp; unsere GPS160-Antenne - Digital Yacht Deutschland<\/title>\n<meta name=\"description\" content=\"Victor m\u00f6chte endlich seinen Traum erf\u00fcllen und mit Hilfe unserer GPS160-Antenne und seiner Fonce Alphonse am Mini-Transat-Rennen teilnehmen.\" \/>\n<meta name=\"robots\" content=\"index, follow, max-snippet:-1, max-image-preview:large, max-video-preview:-1\" \/>\n<link rel=\"canonical\" href=\"https:\/\/digitalyacht.de\/blog\/fonce-alphonse-mini-transat\/\" \/>\n<meta property=\"og:locale\" content=\"de_DE\" \/>\n<meta property=\"og:type\" content=\"article\" \/>\n<meta property=\"og:title\" content=\"Fonce Alphonse &amp; unsere GPS160-Antenne - Digital Yacht Deutschland\" \/>\n<meta property=\"og:description\" content=\"Victor m\u00f6chte endlich seinen Traum erf\u00fcllen und mit Hilfe unserer GPS160-Antenne und seiner Fonce Alphonse am Mini-Transat-Rennen teilnehmen.\" \/>\n<meta property=\"og:url\" content=\"https:\/\/digitalyacht.de\/blog\/fonce-alphonse-mini-transat\/\" \/>\n<meta property=\"og:site_name\" content=\"Digital Yacht German Blog\" \/>\n<meta property=\"article:published_time\" content=\"2021-04-28T08:01:34+00:00\" \/>\n<meta property=\"article:modified_time\" content=\"2023-03-24T13:49:06+00:00\" \/>\n<meta property=\"og:image\" content=\"https:\/\/digitalyacht.de\/blog\/wp-content\/uploads\/2021\/04\/Fonce-Alphonse-Mini.jpg\" \/>\n\t<meta property=\"og:image:width\" content=\"720\" \/>\n\t<meta property=\"og:image:height\" content=\"960\" \/>\n\t<meta property=\"og:image:type\" content=\"image\/jpeg\" \/>\n<meta name=\"author\" content=\"Kira Baumhof\" \/>\n<meta name=\"twitter:card\" content=\"summary_large_image\" \/>\n<meta name=\"twitter:label1\" content=\"Verfasst von\" \/>\n\t<meta name=\"twitter:data1\" content=\"Kira Baumhof\" \/>\n\t<meta name=\"twitter:label2\" content=\"Gesch\u00e4tzte Lesezeit\" \/>\n\t<meta name=\"twitter:data2\" content=\"3\u00a0Minuten\" \/>\n<script type=\"application\/ld+json\" class=\"yoast-schema-graph\">{\"@context\":\"https:\/\/schema.org\",\"@graph\":[{\"@type\":\"WebPage\",\"@id\":\"https:\/\/digitalyacht.de\/blog\/fonce-alphonse-mini-transat\/\",\"url\":\"https:\/\/digitalyacht.de\/blog\/fonce-alphonse-mini-transat\/\",\"name\":\"Fonce Alphonse & unsere GPS160-Antenne - Digital Yacht Deutschland\",\"isPartOf\":{\"@id\":\"https:\/\/digitalyacht.de\/blog\/#website\"},\"primaryImageOfPage\":{\"@id\":\"https:\/\/digitalyacht.de\/blog\/fonce-alphonse-mini-transat\/#primaryimage\"},\"image\":{\"@id\":\"https:\/\/digitalyacht.de\/blog\/fonce-alphonse-mini-transat\/#primaryimage\"},\"thumbnailUrl\":\"https:\/\/digitalyacht.de\/blog\/wp-content\/uploads\/2021\/04\/Fonce-Alphonse-Mini.jpg\",\"datePublished\":\"2021-04-28T08:01:34+00:00\",\"dateModified\":\"2023-03-24T13:49:06+00:00\",\"author\":{\"@id\":\"https:\/\/digitalyacht.de\/blog\/#\/schema\/person\/dd44309920370e95aaa0e1ebe5739efd\"},\"description\":\"Victor m\u00f6chte endlich seinen Traum erf\u00fcllen und mit Hilfe unserer GPS160-Antenne und seiner Fonce Alphonse am Mini-Transat-Rennen teilnehmen.\",\"breadcrumb\":{\"@id\":\"https:\/\/digitalyacht.de\/blog\/fonce-alphonse-mini-transat\/#breadcrumb\"},\"inLanguage\":\"de\",\"potentialAction\":[{\"@type\":\"ReadAction\",\"target\":[\"https:\/\/digitalyacht.de\/blog\/fonce-alphonse-mini-transat\/\"]}]},{\"@type\":\"ImageObject\",\"inLanguage\":\"de\",\"@id\":\"https:\/\/digitalyacht.de\/blog\/fonce-alphonse-mini-transat\/#primaryimage\",\"url\":\"https:\/\/digitalyacht.de\/blog\/wp-content\/uploads\/2021\/04\/Fonce-Alphonse-Mini.jpg\",\"contentUrl\":\"https:\/\/digitalyacht.de\/blog\/wp-content\/uploads\/2021\/04\/Fonce-Alphonse-Mini.jpg\",\"width\":720,\"height\":960,\"caption\":\"Fonce Alphonse Digital Yacht\"},{\"@type\":\"BreadcrumbList\",\"@id\":\"https:\/\/digitalyacht.de\/blog\/fonce-alphonse-mini-transat\/#breadcrumb\",\"itemListElement\":[{\"@type\":\"ListItem\",\"position\":1,\"name\":\"Home\",\"item\":\"https:\/\/digitalyacht.de\/blog\/\"},{\"@type\":\"ListItem\",\"position\":2,\"name\":\"Fonce Alphonse &#038; unsere GPS160-Antenne f\u00fcr den Mini-Transat\"}]},{\"@type\":\"WebSite\",\"@id\":\"https:\/\/digitalyacht.de\/blog\/#website\",\"url\":\"https:\/\/digitalyacht.de\/blog\/\",\"name\":\"Digital Yacht German Blog\",\"description\":\"\",\"potentialAction\":[{\"@type\":\"SearchAction\",\"target\":{\"@type\":\"EntryPoint\",\"urlTemplate\":\"https:\/\/digitalyacht.de\/blog\/?s={search_term_string}\"},\"query-input\":\"required name=search_term_string\"}],\"inLanguage\":\"de\"},{\"@type\":\"Person\",\"@id\":\"https:\/\/digitalyacht.de\/blog\/#\/schema\/person\/dd44309920370e95aaa0e1ebe5739efd\",\"name\":\"Kira Baumhof\",\"image\":{\"@type\":\"ImageObject\",\"inLanguage\":\"de\",\"@id\":\"https:\/\/digitalyacht.de\/blog\/#\/schema\/person\/image\/\",\"url\":\"https:\/\/secure.gravatar.com\/avatar\/06c2e980230e4c9c3d38859349c26527408f85e21f61d6b249adde5b7326a73a?s=96&d=mm&r=g\",\"contentUrl\":\"https:\/\/secure.gravatar.com\/avatar\/06c2e980230e4c9c3d38859349c26527408f85e21f61d6b249adde5b7326a73a?s=96&d=mm&r=g\",\"caption\":\"Kira Baumhof\"},\"url\":\"https:\/\/digitalyacht.de\/blog\/author\/kira-baumhofdigitalyacht-fr\/\"}]}<\/script>\n<!-- \/ Yoast SEO plugin. -->","yoast_head_json":{"title":"Fonce Alphonse & unsere GPS160-Antenne - Digital Yacht Deutschland","description":"Victor m\u00f6chte endlich seinen Traum erf\u00fcllen und mit Hilfe unserer GPS160-Antenne und seiner Fonce Alphonse am Mini-Transat-Rennen teilnehmen.","robots":{"index":"index","follow":"follow","max-snippet":"max-snippet:-1","max-image-preview":"max-image-preview:large","max-video-preview":"max-video-preview:-1"},"canonical":"https:\/\/digitalyacht.de\/blog\/fonce-alphonse-mini-transat\/","og_locale":"de_DE","og_type":"article","og_title":"Fonce Alphonse & unsere GPS160-Antenne - Digital Yacht Deutschland","og_description":"Victor m\u00f6chte endlich seinen Traum erf\u00fcllen und mit Hilfe unserer GPS160-Antenne und seiner Fonce Alphonse am Mini-Transat-Rennen teilnehmen.","og_url":"https:\/\/digitalyacht.de\/blog\/fonce-alphonse-mini-transat\/","og_site_name":"Digital Yacht German Blog","article_published_time":"2021-04-28T08:01:34+00:00","article_modified_time":"2023-03-24T13:49:06+00:00","og_image":[{"width":720,"height":960,"url":"https:\/\/digitalyacht.de\/blog\/wp-content\/uploads\/2021\/04\/Fonce-Alphonse-Mini.jpg","type":"image\/jpeg"}],"author":"Kira Baumhof","twitter_card":"summary_large_image","twitter_misc":{"Verfasst von":"Kira Baumhof","Gesch\u00e4tzte Lesezeit":"3\u00a0Minuten"},"schema":{"@context":"https:\/\/schema.org","@graph":[{"@type":"WebPage","@id":"https:\/\/digitalyacht.de\/blog\/fonce-alphonse-mini-transat\/","url":"https:\/\/digitalyacht.de\/blog\/fonce-alphonse-mini-transat\/","name":"Fonce Alphonse & unsere GPS160-Antenne - Digital Yacht Deutschland","isPartOf":{"@id":"https:\/\/digitalyacht.de\/blog\/#website"},"primaryImageOfPage":{"@id":"https:\/\/digitalyacht.de\/blog\/fonce-alphonse-mini-transat\/#primaryimage"},"image":{"@id":"https:\/\/digitalyacht.de\/blog\/fonce-alphonse-mini-transat\/#primaryimage"},"thumbnailUrl":"https:\/\/digitalyacht.de\/blog\/wp-content\/uploads\/2021\/04\/Fonce-Alphonse-Mini.jpg","datePublished":"2021-04-28T08:01:34+00:00","dateModified":"2023-03-24T13:49:06+00:00","author":{"@id":"https:\/\/digitalyacht.de\/blog\/#\/schema\/person\/dd44309920370e95aaa0e1ebe5739efd"},"description":"Victor m\u00f6chte endlich seinen Traum erf\u00fcllen und mit Hilfe unserer GPS160-Antenne und seiner Fonce Alphonse am Mini-Transat-Rennen teilnehmen.","breadcrumb":{"@id":"https:\/\/digitalyacht.de\/blog\/fonce-alphonse-mini-transat\/#breadcrumb"},"inLanguage":"de","potentialAction":[{"@type":"ReadAction","target":["https:\/\/digitalyacht.de\/blog\/fonce-alphonse-mini-transat\/"]}]},{"@type":"ImageObject","inLanguage":"de","@id":"https:\/\/digitalyacht.de\/blog\/fonce-alphonse-mini-transat\/#primaryimage","url":"https:\/\/digitalyacht.de\/blog\/wp-content\/uploads\/2021\/04\/Fonce-Alphonse-Mini.jpg","contentUrl":"https:\/\/digitalyacht.de\/blog\/wp-content\/uploads\/2021\/04\/Fonce-Alphonse-Mini.jpg","width":720,"height":960,"caption":"Fonce Alphonse Digital Yacht"},{"@type":"BreadcrumbList","@id":"https:\/\/digitalyacht.de\/blog\/fonce-alphonse-mini-transat\/#breadcrumb","itemListElement":[{"@type":"ListItem","position":1,"name":"Home","item":"https:\/\/digitalyacht.de\/blog\/"},{"@type":"ListItem","position":2,"name":"Fonce Alphonse &#038; unsere GPS160-Antenne f\u00fcr den Mini-Transat"}]},{"@type":"WebSite","@id":"https:\/\/digitalyacht.de\/blog\/#website","url":"https:\/\/digitalyacht.de\/blog\/","name":"Digital Yacht German Blog","description":"","potentialAction":[{"@type":"SearchAction","target":{"@type":"EntryPoint","urlTemplate":"https:\/\/digitalyacht.de\/blog\/?s={search_term_string}"},"query-input":"required name=search_term_string"}],"inLanguage":"de"},{"@type":"Person","@id":"https:\/\/digitalyacht.de\/blog\/#\/schema\/person\/dd44309920370e95aaa0e1ebe5739efd","name":"Kira Baumhof","image":{"@type":"ImageObject","inLanguage":"de","@id":"https:\/\/digitalyacht.de\/blog\/#\/schema\/person\/image\/","url":"https:\/\/secure.gravatar.com\/avatar\/06c2e980230e4c9c3d38859349c26527408f85e21f61d6b249adde5b7326a73a?s=96&d=mm&r=g","contentUrl":"https:\/\/secure.gravatar.com\/avatar\/06c2e980230e4c9c3d38859349c26527408f85e21f61d6b249adde5b7326a73a?s=96&d=mm&r=g","caption":"Kira Baumhof"},"url":"https:\/\/digitalyacht.de\/blog\/author\/kira-baumhofdigitalyacht-fr\/"}]}},"_links":{"self":[{"href":"https:\/\/digitalyacht.de\/blog\/wp-json\/wp\/v2\/posts\/6553","targetHints":{"allow":["GET"]}}],"collection":[{"href":"https:\/\/digitalyacht.de\/blog\/wp-json\/wp\/v2\/posts"}],"about":[{"href":"https:\/\/digitalyacht.de\/blog\/wp-json\/wp\/v2\/types\/post"}],"author":[{"embeddable":true,"href":"https:\/\/digitalyacht.de\/blog\/wp-json\/wp\/v2\/users\/3"}],"replies":[{"embeddable":true,"href":"https:\/\/digitalyacht.de\/blog\/wp-json\/wp\/v2\/comments?post=6553"}],"version-history":[{"count":7,"href":"https:\/\/digitalyacht.de\/blog\/wp-json\/wp\/v2\/posts\/6553\/revisions"}],"predecessor-version":[{"id":7283,"href":"https:\/\/digitalyacht.de\/blog\/wp-json\/wp\/v2\/posts\/6553\/revisions\/7283"}],"wp:featuredmedia":[{"embeddable":true,"href":"https:\/\/digitalyacht.de\/blog\/wp-json\/wp\/v2\/media\/6555"}],"wp:attachment":[{"href":"https:\/\/digitalyacht.de\/blog\/wp-json\/wp\/v2\/media?parent=6553"}],"wp:term":[{"taxonomy":"category","embeddable":true,"href":"https:\/\/digitalyacht.de\/blog\/wp-json\/wp\/v2\/categories?post=6553"},{"taxonomy":"post_tag","embeddable":true,"href":"https:\/\/digitalyacht.de\/blog\/wp-json\/wp\/v2\/tags?post=6553"}],"curies":[{"name":"wp","href":"https:\/\/api.w.org\/{rel}","templated":true}]}}